{"id":455,"date":"2019-10-22T19:10:18","date_gmt":"2019-10-22T22:10:18","guid":{"rendered":"http:\/\/greenoperations.com.br\/greenblog\/?p=455"},"modified":"2019-10-22T19:11:14","modified_gmt":"2019-10-22T22:11:14","slug":"principais-novidades-do-macos-catalina","status":"publish","type":"post","link":"https:\/\/greenoperations.com.br\/greenblog\/index.php\/2019\/10\/22\/principais-novidades-do-macos-catalina\/","title":{"rendered":"Principais novidades do MacOS Catalina"},"content":{"rendered":"<p style=\"text-align: justify;\">Recentemente a Apple lan\u00e7ou seu mais novo sistema operacional, o MacOS Catalina, visualmente n\u00e3o \u00e9 poss\u00edvel ver mudan\u00e7as significativas quanto ao seu antecessor o Mojave, nada que v\u00e1 al\u00e9m dos papeis de parede e um novo protetor de tela. As mudan\u00e7as come\u00e7am a aparecer quando come\u00e7amos a trabalhar no sistema e percebemos que algumas atividades do dia a dia mudaram, acompanhe alguns dos principais recursos que apareceram no novo sistema da Ma\u00e7\u00e3:<\/p>\n<ol style=\"text-align: justify;\">\n<li style=\"text-align: justify;\"><strong>Tempo de Uso:<\/strong> O software de tempo de uso agora faz parte dos aplicativos padr\u00e3o do sistema de computadores, ele j\u00e1 vinha sendo entregue aos usu\u00e1rios do iOS. Sua fun\u00e7\u00e3o \u00e9 apresentar de maneira gr\u00e1fica o tempo gasto em cada aplicativo instalado e assim ajudar o usu\u00e1rio a gastar melhor seu tempo diante do computador ou ainda ajudar os pais a controlar o uso dos filhos, gerando alertas e bloqueios. <img decoding=\"async\" loading=\"lazy\" class=\"aligncenter wp-image-473 size-full\" src=\"http:\/\/greenoperations.com.br\/greenblog\/wp-content\/uploads\/2019\/10\/Captura-de-Tela-2019-10-22-a\u0300s-19.01.34.png\" alt=\"\" width=\"754\" height=\"628\" srcset=\"https:\/\/greenoperations.com.br\/greenblog\/wp-content\/uploads\/2019\/10\/Captura-de-Tela-2019-10-22-a\u0300s-19.01.34.png 754w, https:\/\/greenoperations.com.br\/greenblog\/wp-content\/uploads\/2019\/10\/Captura-de-Tela-2019-10-22-a\u0300s-19.01.34-300x250.png 300w\" sizes=\"(max-width: 754px) 100vw, 754px\" \/><\/li>\n<li><strong>Espelhamento de tela com iPad ou SideCar:<\/strong> Agora \u00e9 poss\u00edvel utilizar o iPad como uma segunda tela do Mac tanto para entrada de dados com a Apple Pencil como para exibir imagens, a conex\u00e3o \u00e9 feita atrav\u00e9s do cabo usb ou ainda sem fios.<\/li>\n<li><strong>Divis\u00e3o do iTunes em 3 novos Apps:<\/strong> Sim o primeiro passo foi acabar com a hist\u00f3ria de app canivete su\u00ed\u00e7o que o iTunes vinha trazendo por todos esses anos e criando apps mais diretos e simplificados s\u00e3o eles: <strong>M\u00fasica<\/strong>, interface familiar a do falecido iTunes ficando apenas como player de m\u00fasicas e compra de m\u00fasicas; <strong>Podcasts<\/strong>, cuidado do play nos podcasts e canais de entretenimento em \u00e1udio; <strong>TV<\/strong>, ficou com os programas de tv, series e filmes que ser\u00e1 mais completo em breve com o lan\u00e7amento da TV +. Al\u00e9m disso o gerenciamento de iPhones, iPods e outros dispositivos, bem como sua sincroniza\u00e7\u00e3o acontecia dentro do iTunes e agora acontece toda dentro do Finder, fazendo mais sentido partir do Catalina.<img decoding=\"async\" loading=\"lazy\" class=\"size-large wp-image-474 aligncenter\" src=\"http:\/\/greenoperations.com.br\/greenblog\/wp-content\/uploads\/2019\/10\/Captura-de-Tela-2019-10-22-a\u0300s-19.05.50-1024x640.png\" alt=\"\" width=\"700\" height=\"438\" srcset=\"https:\/\/greenoperations.com.br\/greenblog\/wp-content\/uploads\/2019\/10\/Captura-de-Tela-2019-10-22-a\u0300s-19.05.50-1024x640.png 1024w, https:\/\/greenoperations.com.br\/greenblog\/wp-content\/uploads\/2019\/10\/Captura-de-Tela-2019-10-22-a\u0300s-19.05.50-300x188.png 300w, https:\/\/greenoperations.com.br\/greenblog\/wp-content\/uploads\/2019\/10\/Captura-de-Tela-2019-10-22-a\u0300s-19.05.50-768x480.png 768w, https:\/\/greenoperations.com.br\/greenblog\/wp-content\/uploads\/2019\/10\/Captura-de-Tela-2019-10-22-a\u0300s-19.05.50.png 1680w\" sizes=\"(max-width: 700px) 100vw, 700px\" \/><\/li>\n<li><strong>Novo App Notas e Lembretes:<\/strong> Agora esses dois apps que fazem nossos dias mais f\u00e1ceis e ajudam nas nossas tarefas firam ainda mais intuitivos e contam com uma interface nova, com visualiza\u00e7\u00e3o do tipo galeria facilitando na hora de ver as atividades e informa\u00e7\u00f5es dentro do app. <img decoding=\"async\" loading=\"lazy\" class=\"size-full wp-image-476 aligncenter\" src=\"http:\/\/greenoperations.com.br\/greenblog\/wp-content\/uploads\/2019\/10\/Captura-de-Tela-2019-10-22-a\u0300s-19.09.23.png\" alt=\"\" width=\"929\" height=\"753\" srcset=\"https:\/\/greenoperations.com.br\/greenblog\/wp-content\/uploads\/2019\/10\/Captura-de-Tela-2019-10-22-a\u0300s-19.09.23.png 929w, https:\/\/greenoperations.com.br\/greenblog\/wp-content\/uploads\/2019\/10\/Captura-de-Tela-2019-10-22-a\u0300s-19.09.23-300x243.png 300w, https:\/\/greenoperations.com.br\/greenblog\/wp-content\/uploads\/2019\/10\/Captura-de-Tela-2019-10-22-a\u0300s-19.09.23-768x623.png 768w\" sizes=\"(max-width: 929px) 100vw, 929px\" \/><\/li>\n<\/ol>\n<p style=\"text-align: justify;\">Al\u00e9m disso o novo sistema da Apple conta com recursos mais avan\u00e7ados e mais focados no p\u00fablico com alguma limita\u00e7\u00e3o f\u00edsica, com comandos de voz ampliados, maior integra\u00e7\u00e3o com a siri e maior conectividade para hardwares que atendem esse p\u00fablico que tamb\u00e9m \u00e9 especial para a Apple.<\/p>\n<p style=\"text-align: center;\"><strong>Meu curso promocional: Mac OSX B\u00e1sico ao Intermedi\u00e1rio (com Catalina)<\/strong><\/p>\n<p style=\"text-align: justify;\">Aproveitando o lan\u00e7amento do novo sistema, estou oferecendo na plataforma<em> Udemy.com<\/em> meu curso complet\u00edssimo do Mac OSX, onde abordo temas b\u00e1sicos e configura\u00e7\u00f5es mais avan\u00e7adas no sistema, como backup e outros ajustes importantes de seguran\u00e7a. Vale muito a pena dar uma conferida e o investimento \u00e9 m\u00ednimo, recebendo ao final seu certificado pela <em>Udemy Academy<\/em>. Para acessar basta clicar no link:<a href=\"https:\/\/bit.ly\/2MtYqon\" target=\"_blank\" rel=\"noopener noreferrer\"> https:\/\/bit.ly\/2MtYqon<\/a><\/p>\n<p style=\"text-align: justify;\"><img decoding=\"async\" loading=\"lazy\" class=\"alignnone size-large wp-image-462\" src=\"http:\/\/greenoperations.com.br\/greenblog\/wp-content\/uploads\/2019\/10\/pp-1024x439.png\" alt=\"\" width=\"700\" height=\"300\" srcset=\"https:\/\/greenoperations.com.br\/greenblog\/wp-content\/uploads\/2019\/10\/pp-1024x439.png 1024w, https:\/\/greenoperations.com.br\/greenblog\/wp-content\/uploads\/2019\/10\/pp-300x129.png 300w, https:\/\/greenoperations.com.br\/greenblog\/wp-content\/uploads\/2019\/10\/pp-768x330.png 768w, https:\/\/greenoperations.com.br\/greenblog\/wp-content\/uploads\/2019\/10\/pp.png 1920w\" sizes=\"(max-width: 700px) 100vw, 700px\" \/><\/p>\n","protected":false},"excerpt":{"rendered":"<p>Recentemente a Apple lan\u00e7ou seu mais novo sistema operacional, o MacOS Catalina, visualmente n\u00e3o \u00e9 poss\u00edvel ver mudan\u00e7as significativas quanto ao seu antecessor o Mojave, nada que v\u00e1 al\u00e9m dos papeis de parede e um novo protetor de tela. As mudan\u00e7as come\u00e7am a aparecer quando come\u00e7amos a trabalhar no sistema e percebemos que algumas atividades [&hellip;]<\/p>\n","protected":false},"author":1,"featured_media":463,"comment_status":"closed","ping_status":"closed","sticky":false,"template":"","format":"standard","meta":{"footnotes":""},"categories":[9,20],"tags":[26,60,53],"aioseo_notices":[],"_links":{"self":[{"href":"https:\/\/greenoperations.com.br\/greenblog\/index.php\/wp-json\/wp\/v2\/posts\/455"}],"collection":[{"href":"https:\/\/greenoperations.com.br\/greenblog\/index.php\/wp-json\/wp\/v2\/posts"}],"about":[{"href":"https:\/\/greenoperations.com.br\/greenblog\/index.php\/wp-json\/wp\/v2\/types\/post"}],"author":[{"embeddable":true,"href":"https:\/\/greenoperations.com.br\/greenblog\/index.php\/wp-json\/wp\/v2\/users\/1"}],"replies":[{"embeddable":true,"href":"https:\/\/greenoperations.com.br\/greenblog\/index.php\/wp-json\/wp\/v2\/comments?post=455"}],"version-history":[{"count":9,"href":"https:\/\/greenoperations.com.br\/greenblog\/index.php\/wp-json\/wp\/v2\/posts\/455\/revisions"}],"predecessor-version":[{"id":478,"href":"https:\/\/greenoperations.com.br\/greenblog\/index.php\/wp-json\/wp\/v2\/posts\/455\/revisions\/478"}],"wp:featuredmedia":[{"embeddable":true,"href":"https:\/\/greenoperations.com.br\/greenblog\/index.php\/wp-json\/wp\/v2\/media\/463"}],"wp:attachment":[{"href":"https:\/\/greenoperations.com.br\/greenblog\/index.php\/wp-json\/wp\/v2\/media?parent=455"}],"wp:term":[{"taxonomy":"category","embeddable":true,"href":"https:\/\/greenoperations.com.br\/greenblog\/index.php\/wp-json\/wp\/v2\/categories?post=455"},{"taxonomy":"post_tag","embeddable":true,"href":"https:\/\/greenoperations.com.br\/greenblog\/index.php\/wp-json\/wp\/v2\/tags?post=455"}],"curies":[{"name":"wp","href":"https:\/\/api.w.org\/{rel}","templated":true}]}}